{"id":5629,"date":"2026-01-15T11:56:22","date_gmt":"2026-01-15T10:56:22","guid":{"rendered":"https:\/\/test.canfisher.com\/2026\/01\/15\/arroz-frente-al-mar-poblenou-bogatell\/"},"modified":"2026-01-15T12:53:54","modified_gmt":"2026-01-15T11:53:54","slug":"arros-davant-del-mar-poblenou-bogatell","status":"publish","type":"post","link":"https:\/\/test.canfisher.com\/ca\/2026\/01\/15\/arros-davant-del-mar-poblenou-bogatell\/","title":{"rendered":"On menjar arr\u00f2s davant del mar al Poblenou: Bogatell i voltants"},"content":{"rendered":"<h1 data-pm-slice=\"1 1 []\">Producte, temps i mar: com triar una bona arrosseria a la zona Poblenou\u2013Bogatell, davant del Mediterrani.<\/h1>\n<p><span style=\"font-weight: 400;\"><br \/>\nSi ets pel <strong>Poblenou<\/strong> i et ve de gust <strong>menjar mediterrani de veritat<\/strong> \u2014producte, mar i un arr\u00f2s ben fet\u2014 la <strong>zona de Bogatell i voltants<\/strong> \u00e9s una molt bona opci\u00f3. Per triar b\u00e9, fixa\u2019t en senyals senzills: que sigui una <strong>arrosseria de deb\u00f2<\/strong> (no un arr\u00f2s \u201cde comprom\u00eds\u201d), amb <strong>producte mediterrani<\/strong>, opci\u00f3 <strong>per compartir<\/strong>, possibilitat de <strong>reservar<\/strong> i un ritme de cuina que respecti els temps de l\u2019arr\u00f2s. A la <strong>zona Poblenou\u2013Bogatell<\/strong>, tens taules davant del mar com <strong>Can Fisher<\/strong>, a tocar del barri.<br \/>\n<\/span><\/p>\n<p><img loading=\"lazy\" decoding=\"async\" class=\"aligncenter wp-image-5597 size-full\" src=\"http:\/\/test.canfisher.com\/wp-content\/uploads\/2026\/01\/250708-scaled.jpeg\" alt=\"\" width=\"2048\" height=\"2560\" srcset=\"https:\/\/test.canfisher.com\/wp-content\/uploads\/2026\/01\/250708-scaled.jpeg 2048w, https:\/\/test.canfisher.com\/wp-content\/uploads\/2026\/01\/250708-240x300.jpeg 240w, https:\/\/test.canfisher.com\/wp-content\/uploads\/2026\/01\/250708-819x1024.jpeg 819w, https:\/\/test.canfisher.com\/wp-content\/uploads\/2026\/01\/250708-768x960.jpeg 768w, https:\/\/test.canfisher.com\/wp-content\/uploads\/2026\/01\/250708-1229x1536.jpeg 1229w, https:\/\/test.canfisher.com\/wp-content\/uploads\/2026\/01\/250708-1638x2048.jpeg 1638w\" sizes=\"auto, (max-width: 2048px) 100vw, 2048px\" \/><\/p>\n<h2>Arr\u00f2s mediterrani a tocar del mar: en qu\u00e8 es nota quan est\u00e0 ben fet<\/h2>\n<p data-start=\"822\" data-end=\"941\">A la costa de Barcelona, l\u2019arr\u00f2s s\u2019ent\u00e9n com un plat de <strong>producte i ofici<\/strong>. I quan est\u00e0 ben fet, es nota en quatre coses:<\/p>\n<ul data-start=\"943\" data-end=\"1072\">\n<li data-start=\"943\" data-end=\"977\">\n<p data-start=\"945\" data-end=\"977\"><strong>Bon fons (brou) i punt d\u2019arr\u00f2s<\/strong><\/p>\n<\/li>\n<li data-start=\"943\" data-end=\"977\">\n<p data-start=\"945\" data-end=\"977\"><strong>Producte protagonista al plat<\/strong><\/p>\n<\/li>\n<li data-start=\"1012\" data-end=\"1047\">\n<p data-start=\"1014\" data-end=\"1047\"><strong>Fet al moment, amb el seu temps<\/strong><\/p>\n<\/li>\n<li data-start=\"1048\" data-end=\"1072\">\n<p data-start=\"1050\" data-end=\"1072\"><strong>Pensat per compartir<\/strong><\/p>\n<\/li>\n<\/ul>\n<h2>Quatre senyals per encertar un arr\u00f2s davant del mar al Poblenou<\/h2>\n<p data-start=\"1142\" data-end=\"1176\">Per decidir r\u00e0pid, fixa\u2019t en aix\u00f2:<\/p>\n<ul data-start=\"1178\" data-end=\"1488\">\n<li data-start=\"1178\" data-end=\"1237\">\n<p data-start=\"1180\" data-end=\"1237\"><strong>Ubicaci\u00f3 real davant del mar:<\/strong> vistes i ambient de costa<\/p>\n<\/li>\n<li data-start=\"1238\" data-end=\"1299\">\n<p data-start=\"1240\" data-end=\"1299\"><strong>Especialitat en arrossos:<\/strong> una carta on l\u2019arr\u00f2s tingui pes<\/p>\n<\/li>\n<li data-start=\"1300\" data-end=\"1355\">\n<p data-start=\"1302\" data-end=\"1355\"><strong>Reserves disponibles:<\/strong> senyal que el lloc t\u00e9 demanda<\/p>\n<\/li>\n<li data-start=\"1356\" data-end=\"1430\">\n<p data-start=\"1358\" data-end=\"1430\"><strong>Format per compartir:<\/strong> l\u2019arr\u00f2s se sol demanar per al centre (ideal 2\u20134)<\/p>\n<\/li>\n<li data-start=\"1431\" data-end=\"1488\">\n<p data-start=\"1433\" data-end=\"1488\"><strong>Ritme de cuina coherent:<\/strong> l\u2019arr\u00f2s no surt \u201cinstantani\u201d<\/p>\n<\/li>\n<\/ul>\n<p><span style=\"font-weight: 400;\"><br \/>\n<\/span><span style=\"font-weight: 400;\"><img loading=\"lazy\" decoding=\"async\" class=\"aligncenter wp-image-5606 size-full\" src=\"http:\/\/test.canfisher.com\/wp-content\/uploads\/2026\/01\/251122-scaled.jpeg\" alt=\"\" width=\"2048\" height=\"2560\" srcset=\"https:\/\/test.canfisher.com\/wp-content\/uploads\/2026\/01\/251122-scaled.jpeg 2048w, https:\/\/test.canfisher.com\/wp-content\/uploads\/2026\/01\/251122-240x300.jpeg 240w, https:\/\/test.canfisher.com\/wp-content\/uploads\/2026\/01\/251122-819x1024.jpeg 819w, https:\/\/test.canfisher.com\/wp-content\/uploads\/2026\/01\/251122-768x960.jpeg 768w, https:\/\/test.canfisher.com\/wp-content\/uploads\/2026\/01\/251122-1229x1536.jpeg 1229w, https:\/\/test.canfisher.com\/wp-content\/uploads\/2026\/01\/251122-1638x2048.jpeg 1638w\" sizes=\"auto, (max-width: 2048px) 100vw, 2048px\" \/><\/span><\/p>\n<h2>Can Fisher, a la zona Poblenou\u2013Bogatell: una arrossada davant del mar<\/h2>\n<p>Can Fisher \u00e9s un restaurant de cuina mediterr\u00e0nia on l\u2019arr\u00f2s s\u2019ent\u00e9n com a plat per compratir: es cuina al moment, amb el temps que requereix preparar-lo i es gaudeix amb el mar al davant.<br data-start=\"1758\" data-end=\"1761\" \/>Si busques aquesta experi\u00e8ncia a la zona Poblenou\u2013Bogatell, aqu\u00ed el tens sense artificis: producte, t\u00e8cnica i sobretaula.<\/p>\n<h2>Qu\u00e8 demanar si vols sentir el \u201cMediterrani\u201d a taula (sense complicar-te)<\/h2>\n<p data-start=\"1952\" data-end=\"2021\">Una f\u00f3rmula simple que funciona quan l\u2019objectiu \u00e9s menjar local i b\u00e9:<\/p>\n<ol>\n<li data-start=\"2026\" data-end=\"2088\"><strong>1\u20132 entrants de producte<\/strong> (per comen\u00e7ar suau, amb sabor real)<\/li>\n<li data-start=\"2023\" data-end=\"2088\">\n<p data-start=\"2026\" data-end=\"2088\"><strong>Un arr\u00f2s com a plat principal<\/strong> (per compartir)<\/p>\n<\/li>\n<li data-start=\"2140\" data-end=\"2180\">\n<p data-start=\"2143\" data-end=\"2180\"><strong>Postres i una estona de sobretaula.<\/strong><\/p>\n<\/li>\n<\/ol>\n<p><span style=\"font-weight: 400;\"><img loading=\"lazy\" decoding=\"async\" class=\"aligncenter wp-image-5612 size-full\" src=\"http:\/\/test.canfisher.com\/wp-content\/uploads\/2026\/01\/250809-scaled.jpeg\" alt=\"\" width=\"2048\" height=\"2560\" srcset=\"https:\/\/test.canfisher.com\/wp-content\/uploads\/2026\/01\/250809-scaled.jpeg 2048w, https:\/\/test.canfisher.com\/wp-content\/uploads\/2026\/01\/250809-240x300.jpeg 240w, https:\/\/test.canfisher.com\/wp-content\/uploads\/2026\/01\/250809-819x1024.jpeg 819w, https:\/\/test.canfisher.com\/wp-content\/uploads\/2026\/01\/250809-768x960.jpeg 768w, https:\/\/test.canfisher.com\/wp-content\/uploads\/2026\/01\/250809-1229x1536.jpeg 1229w, https:\/\/test.canfisher.com\/wp-content\/uploads\/2026\/01\/250809-1638x2048.jpeg 1638w\" sizes=\"auto, (max-width: 2048px) 100vw, 2048px\" \/><\/span><\/p>\n<h2 data-start=\"2182\" data-end=\"2242\">Per qu\u00e8 l\u2019arr\u00f2s \u201ctriga\u201d (i per qu\u00e8 aix\u00f2 \u00e9s un bon senyal)<\/h2>\n<p>Un arr\u00f2s mediterrani ben fet no es resol amb pressa. El punt, la cocci\u00f3 i l\u2019acabat importen. Quan un lloc respecta el <strong>ritme de l\u2019arr\u00f2s<\/strong>, normalment tamb\u00e9 <strong>respecta el producte.<\/strong><\/p>\n<h2>Com maridar un arr\u00f2s (i producte de mar) davant del Mediterrani<\/h2>\n<p data-start=\"2488\" data-end=\"2734\">Quan el protagonista \u00e9s l\u2019arr\u00f2s i el <strong>producte del mar<\/strong>, el <strong>maridatge<\/strong> m\u00e9s f\u00e0cil acostuma a ser amb <strong>blancs i escumosos<\/strong>. A <strong>Can Fisher<\/strong> la <strong>carta de vins<\/strong> est\u00e0 <strong>seleccionada<\/strong>, amb especial pes en aquestes opcions, aix\u00ed que et pots guiar per aquesta l\u00f2gica:<\/p>\n<ul data-start=\"2736\" data-end=\"2988\">\n<li data-start=\"2736\" data-end=\"2817\">\n<p data-start=\"2738\" data-end=\"2817\"><strong>Blanc fresc:<\/strong> encaixa molt b\u00e9 amb arrossos m\u00e9s mariners i sabors m\u00e9s lleugers.<\/p>\n<\/li>\n<li data-start=\"2818\" data-end=\"2902\">\n<p data-start=\"2820\" data-end=\"2902\"><strong>Blanc amb m\u00e9s cos:<\/strong> bona opci\u00f3 si l\u2019arr\u00f2s \u00e9s m\u00e9s intens o busques m\u00e9s estructura.<\/p>\n<\/li>\n<li data-start=\"2903\" data-end=\"2988\">\n<p data-start=\"2905\" data-end=\"2988\"><strong>Escum\u00f3s:<\/strong> refresca, acompanya el pla de compartir i sol funcionar amb gaireb\u00e9 tot.<\/p>\n<\/li>\n<\/ul>\n<p data-start=\"2990\" data-end=\"3109\">Tip pr\u00e0ctic: si dius \u201cvolem alguna cosa fresca\u201d o \u201calguna cosa amb m\u00e9s cos\u201d, t\u2019orienten r\u00e0pid segons l\u2019arr\u00f2s que tri\u00efs.<\/p>\n<p>&nbsp;<\/p>\n<p><img loading=\"lazy\" decoding=\"async\" class=\"aligncenter wp-image-5609 size-full\" src=\"http:\/\/test.canfisher.com\/wp-content\/uploads\/2026\/01\/250426-scaled.jpeg\" alt=\"\" width=\"2048\" height=\"2560\" srcset=\"https:\/\/test.canfisher.com\/wp-content\/uploads\/2026\/01\/250426-scaled.jpeg 2048w, https:\/\/test.canfisher.com\/wp-content\/uploads\/2026\/01\/250426-240x300.jpeg 240w, https:\/\/test.canfisher.com\/wp-content\/uploads\/2026\/01\/250426-819x1024.jpeg 819w, https:\/\/test.canfisher.com\/wp-content\/uploads\/2026\/01\/250426-768x960.jpeg 768w, https:\/\/test.canfisher.com\/wp-content\/uploads\/2026\/01\/250426-1229x1536.jpeg 1229w, https:\/\/test.canfisher.com\/wp-content\/uploads\/2026\/01\/250426-1638x2048.jpeg 1638w\" sizes=\"auto, (max-width: 2048px) 100vw, 2048px\" \/><\/p>\n<h2 data-start=\"3111\" data-end=\"3171\">Poblenou + Bogatell: el pla perfecte abans o despr\u00e9s de dinar<\/h2>\n<p data-start=\"3173\" data-end=\"3203\">Aquesta zona es gaudeix f\u00e0cil:<\/p>\n<ul data-start=\"3205\" data-end=\"3406\">\n<li data-start=\"3205\" data-end=\"3265\">\n<p data-start=\"3207\" data-end=\"3265\"><strong>Passeig pel Poblenou<\/strong> (ambient, carrers, parades r\u00e0pides)<\/p>\n<\/li>\n<li data-start=\"3266\" data-end=\"3352\">\n<p data-start=\"3268\" data-end=\"3352\"><strong>Estona de mar a Bogatell<\/strong> (caminar, desconnectar i gaudir de les vistes i la brisa)<\/p>\n<\/li>\n<li data-start=\"3353\" data-end=\"3406\">\n<p data-start=\"3355\" data-end=\"3406\"><strong>Taula davant del Mediterrani<\/strong> (arr\u00f2s + sobretaula)<\/p>\n<\/li>\n<\/ul>\n<h2>Preguntes habituals sobre menjar arr\u00f2s davant del mar al Poblenou<\/h2>\n<h3 data-start=\"3478\" data-end=\"3700\"><strong>On menjar arr\u00f2s a prop del Poblenou i la Platja del Bogatell?<\/strong><\/h3>\n<p data-start=\"3478\" data-end=\"3700\">A la zona Poblenou\u2013Bogatell hi ha diverses opcions davant del mar; si busques una arrosseria a la zona, Can Fisher \u00e9s a peu de platja i molt a prop del barri.<\/p>\n<h3 data-start=\"3702\" data-end=\"3910\"><strong>Quin tipus d\u2019arr\u00f2s conv\u00e9 demanar per compartir?<\/strong><\/h3>\n<p data-start=\"3702\" data-end=\"3910\">El m\u00e9s habitual \u00e9s demanar un arr\u00f2s per al centre (ideal 2\u20134). Si tens dubtes, demana recomanaci\u00f3 segons si el prefereixes m\u00e9s mariner, m\u00e9s intens o m\u00e9s suau.<\/p>\n<h3 data-start=\"3912\" data-end=\"4090\">Quant triga un arr\u00f2s en un restaurant?<\/h3>\n<p data-start=\"3912\" data-end=\"4090\">Dep\u00e8n del tipus i de la cuina, per\u00f2 un arr\u00f2s ben fet es cuina al moment i necessita el seu temps. \u00c9s normal que no sigui un plat \u201cr\u00e0pid\u201d.<\/p>\n<h3 data-start=\"4092\" data-end=\"4274\">Com maridar arr\u00f2s i producte de mar?<\/h3>\n<p data-start=\"4092\" data-end=\"4274\">En general, blancs i escumosos funcionen molt b\u00e9. Si l\u2019arr\u00f2s \u00e9s m\u00e9s lleuger, millor alguna cosa fresca; si \u00e9s m\u00e9s intens, un blanc amb m\u00e9s cos.<\/p>\n<h3 data-start=\"4276\" data-end=\"4420\">Conv\u00e9 reservar si vols taula amb vistes al mar?<\/h3>\n<p data-start=\"4276\" data-end=\"4420\">S\u00ed, especialment en hores punta i caps de setmana. Reservant pots demanar una ubicaci\u00f3 millor.<\/p>\n<p>&nbsp;<\/p>\n<h2>Reserva la teva taula a Can Fisher<\/h2>\n<p data-start=\"4461\" data-end=\"4652\">Si et ve de gust un <strong>arr\u00f2s mediterrani<\/strong> amb <strong>producte local davant del mar<\/strong> a la zona <strong>Bogatell\u2013Poblenou<\/strong>, reserva a <strong>Can Fisher<\/strong> i gaudeix del pla com toca: compartir, assaborir i allargar la taula.<\/p>\n<p data-start=\"4654\" data-end=\"4697\"><strong>Reserves:<\/strong> 935 97 18 40<br data-start=\"4676\" data-end=\"4679\" \/><strong>Web:<\/strong> canfisher.com<\/p>\n","protected":false},"excerpt":{"rendered":"<p>Producte, temps i mar: com triar una bona arrosseria a la zona Poblenou\u2013Bogatell, davant del Mediterrani. Si ets pel Poblenou i et ve de gust menjar mediterrani de veritat \u2014producte, mar i un arr\u00f2s ben fet\u2014 la zona de Bogatell i voltants \u00e9s una molt bona opci\u00f3. Per triar b\u00e9, fixa\u2019t en senyals senzills: que [&hellip;]<\/p>\n","protected":false},"author":3,"featured_media":5620,"comment_status":"open","ping_status":"open","sticky":false,"template":"","format":"standard","meta":{"_acf_changed":false,"inline_featured_image":false,"footnotes":""},"categories":[16],"tags":[],"class_list":["post-5629","post","type-post","status-publish","format-standard","has-post-thumbnail","hentry","category-noticies"],"acf":[],"yoast_head":"<!-- This site is optimized with the Yoast SEO plugin v26.2 - https:\/\/yoast.com\/wordpress\/plugins\/seo\/ -->\n<title>On menjar arr\u00f2s davant del mar a prop del Poblenou | Can Fisher<\/title>\n<meta name=\"description\" content=\"Descobreix on menjar arr\u00f2s davant del mar a la zona Poblenou\u2013Bogatell. Claus per triar una bona arrosseria i qu\u00e8 demanar.\" \/>\n<meta name=\"robots\" content=\"index, follow, max-snippet:-1, max-image-preview:large, max-video-preview:-1\" \/>\n<link rel=\"canonical\" href=\"https:\/\/test.canfisher.com\/ca\/2026\/01\/15\/arros-davant-del-mar-poblenou-bogatell\/\" \/>\n<meta property=\"og:locale\" content=\"ca_ES\" \/>\n<meta property=\"og:type\" content=\"article\" \/>\n<meta property=\"og:title\" content=\"On menjar arr\u00f2s davant del mar a prop del Poblenou | Can Fisher\" \/>\n<meta property=\"og:description\" content=\"Descobreix on menjar arr\u00f2s davant del mar a la zona Poblenou\u2013Bogatell. Claus per triar una bona arrosseria i qu\u00e8 demanar.\" \/>\n<meta property=\"og:url\" content=\"https:\/\/test.canfisher.com\/ca\/2026\/01\/15\/arros-davant-del-mar-poblenou-bogatell\/\" \/>\n<meta property=\"og:site_name\" content=\"Can Fisher\" \/>\n<meta property=\"article:published_time\" content=\"2026-01-15T10:56:22+00:00\" \/>\n<meta property=\"article:modified_time\" content=\"2026-01-15T11:53:54+00:00\" \/>\n<meta property=\"og:image\" content=\"http:\/\/test.canfisher.com\/wp-content\/uploads\/2026\/01\/Diseno-sin-titulo-5.png\" \/>\n\t<meta property=\"og:image:width\" content=\"1600\" \/>\n\t<meta property=\"og:image:height\" content=\"900\" \/>\n\t<meta property=\"og:image:type\" content=\"image\/png\" \/>\n<meta name=\"author\" content=\"juanalberjon\" \/>\n<meta name=\"twitter:card\" content=\"summary_large_image\" \/>\n<meta name=\"twitter:label1\" content=\"Written by\" \/>\n\t<meta name=\"twitter:data1\" content=\"juanalberjon\" \/>\n\t<meta name=\"twitter:label2\" content=\"Est. reading time\" \/>\n\t<meta name=\"twitter:data2\" content=\"5 minutes\" \/>\n<script type=\"application\/ld+json\" class=\"yoast-schema-graph\">{\"@context\":\"https:\/\/schema.org\",\"@graph\":[{\"@type\":\"Article\",\"@id\":\"https:\/\/test.canfisher.com\/ca\/2026\/01\/15\/arros-davant-del-mar-poblenou-bogatell\/#article\",\"isPartOf\":{\"@id\":\"https:\/\/test.canfisher.com\/ca\/2026\/01\/15\/arros-davant-del-mar-poblenou-bogatell\/\"},\"author\":{\"name\":\"juanalberjon\",\"@id\":\"https:\/\/test.canfisher.com\/#\/schema\/person\/31163ba8eeddddff9c258ced7a5adb05\"},\"headline\":\"On menjar arr\u00f2s davant del mar al Poblenou: Bogatell i voltants\",\"datePublished\":\"2026-01-15T10:56:22+00:00\",\"dateModified\":\"2026-01-15T11:53:54+00:00\",\"mainEntityOfPage\":{\"@id\":\"https:\/\/test.canfisher.com\/ca\/2026\/01\/15\/arros-davant-del-mar-poblenou-bogatell\/\"},\"wordCount\":860,\"commentCount\":0,\"publisher\":{\"@id\":\"https:\/\/test.canfisher.com\/#organization\"},\"image\":{\"@id\":\"https:\/\/test.canfisher.com\/ca\/2026\/01\/15\/arros-davant-del-mar-poblenou-bogatell\/#primaryimage\"},\"thumbnailUrl\":\"https:\/\/test.canfisher.com\/wp-content\/uploads\/2026\/01\/Diseno-sin-titulo-5.png\",\"articleSection\":[\"Not\u00edcies\"],\"inLanguage\":\"ca\",\"potentialAction\":[{\"@type\":\"CommentAction\",\"name\":\"Comment\",\"target\":[\"https:\/\/test.canfisher.com\/ca\/2026\/01\/15\/arros-davant-del-mar-poblenou-bogatell\/#respond\"]}]},{\"@type\":\"WebPage\",\"@id\":\"https:\/\/test.canfisher.com\/ca\/2026\/01\/15\/arros-davant-del-mar-poblenou-bogatell\/\",\"url\":\"https:\/\/test.canfisher.com\/ca\/2026\/01\/15\/arros-davant-del-mar-poblenou-bogatell\/\",\"name\":\"On menjar arr\u00f2s davant del mar a prop del Poblenou | Can Fisher\",\"isPartOf\":{\"@id\":\"https:\/\/test.canfisher.com\/#website\"},\"primaryImageOfPage\":{\"@id\":\"https:\/\/test.canfisher.com\/ca\/2026\/01\/15\/arros-davant-del-mar-poblenou-bogatell\/#primaryimage\"},\"image\":{\"@id\":\"https:\/\/test.canfisher.com\/ca\/2026\/01\/15\/arros-davant-del-mar-poblenou-bogatell\/#primaryimage\"},\"thumbnailUrl\":\"https:\/\/test.canfisher.com\/wp-content\/uploads\/2026\/01\/Diseno-sin-titulo-5.png\",\"datePublished\":\"2026-01-15T10:56:22+00:00\",\"dateModified\":\"2026-01-15T11:53:54+00:00\",\"description\":\"Descobreix on menjar arr\u00f2s davant del mar a la zona Poblenou\u2013Bogatell. Claus per triar una bona arrosseria i qu\u00e8 demanar.\",\"breadcrumb\":{\"@id\":\"https:\/\/test.canfisher.com\/ca\/2026\/01\/15\/arros-davant-del-mar-poblenou-bogatell\/#breadcrumb\"},\"inLanguage\":\"ca\",\"potentialAction\":[{\"@type\":\"ReadAction\",\"target\":[\"https:\/\/test.canfisher.com\/ca\/2026\/01\/15\/arros-davant-del-mar-poblenou-bogatell\/\"]}]},{\"@type\":\"ImageObject\",\"inLanguage\":\"ca\",\"@id\":\"https:\/\/test.canfisher.com\/ca\/2026\/01\/15\/arros-davant-del-mar-poblenou-bogatell\/#primaryimage\",\"url\":\"https:\/\/test.canfisher.com\/wp-content\/uploads\/2026\/01\/Diseno-sin-titulo-5.png\",\"contentUrl\":\"https:\/\/test.canfisher.com\/wp-content\/uploads\/2026\/01\/Diseno-sin-titulo-5.png\",\"width\":1600,\"height\":900},{\"@type\":\"BreadcrumbList\",\"@id\":\"https:\/\/test.canfisher.com\/ca\/2026\/01\/15\/arros-davant-del-mar-poblenou-bogatell\/#breadcrumb\",\"itemListElement\":[{\"@type\":\"ListItem\",\"position\":1,\"name\":\"Portada\",\"item\":\"https:\/\/test.canfisher.com\/ca\/\"},{\"@type\":\"ListItem\",\"position\":2,\"name\":\"On menjar arr\u00f2s davant del mar al Poblenou: Bogatell i voltants\"}]},{\"@type\":\"WebSite\",\"@id\":\"https:\/\/test.canfisher.com\/#website\",\"url\":\"https:\/\/test.canfisher.com\/\",\"name\":\"Can Fisher\",\"description\":\"\",\"publisher\":{\"@id\":\"https:\/\/test.canfisher.com\/#organization\"},\"potentialAction\":[{\"@type\":\"SearchAction\",\"target\":{\"@type\":\"EntryPoint\",\"urlTemplate\":\"https:\/\/test.canfisher.com\/?s={search_term_string}\"},\"query-input\":{\"@type\":\"PropertyValueSpecification\",\"valueRequired\":true,\"valueName\":\"search_term_string\"}}],\"inLanguage\":\"ca\"},{\"@type\":\"Organization\",\"@id\":\"https:\/\/test.canfisher.com\/#organization\",\"name\":\"Can Fisher\",\"url\":\"https:\/\/test.canfisher.com\/\",\"logo\":{\"@type\":\"ImageObject\",\"inLanguage\":\"ca\",\"@id\":\"https:\/\/test.canfisher.com\/#\/schema\/logo\/image\/\",\"url\":\"http:\/\/test.canfisher.com\/wp-content\/uploads\/2025\/07\/can-fisher-mapa-point.svg\",\"contentUrl\":\"http:\/\/test.canfisher.com\/wp-content\/uploads\/2025\/07\/can-fisher-mapa-point.svg\",\"width\":\"1024\",\"height\":\"1024\",\"caption\":\"Can Fisher\"},\"image\":{\"@id\":\"https:\/\/test.canfisher.com\/#\/schema\/logo\/image\/\"}},{\"@type\":\"Person\",\"@id\":\"https:\/\/test.canfisher.com\/#\/schema\/person\/31163ba8eeddddff9c258ced7a5adb05\",\"name\":\"juanalberjon\",\"image\":{\"@type\":\"ImageObject\",\"inLanguage\":\"ca\",\"@id\":\"https:\/\/test.canfisher.com\/#\/schema\/person\/image\/\",\"url\":\"https:\/\/secure.gravatar.com\/avatar\/ceede285b5c153934db3a44840c80ffc2b7f4bcc90f19ebe73532f34474c453c?s=96&d=mm&r=g\",\"contentUrl\":\"https:\/\/secure.gravatar.com\/avatar\/ceede285b5c153934db3a44840c80ffc2b7f4bcc90f19ebe73532f34474c453c?s=96&d=mm&r=g\",\"caption\":\"juanalberjon\"},\"url\":\"https:\/\/test.canfisher.com\/ca\/author\/juanalberjon\/\"}]}<\/script>\n<!-- \/ Yoast SEO plugin. -->","yoast_head_json":{"title":"On menjar arr\u00f2s davant del mar a prop del Poblenou | Can Fisher","description":"Descobreix on menjar arr\u00f2s davant del mar a la zona Poblenou\u2013Bogatell. Claus per triar una bona arrosseria i qu\u00e8 demanar.","robots":{"index":"index","follow":"follow","max-snippet":"max-snippet:-1","max-image-preview":"max-image-preview:large","max-video-preview":"max-video-preview:-1"},"canonical":"https:\/\/test.canfisher.com\/ca\/2026\/01\/15\/arros-davant-del-mar-poblenou-bogatell\/","og_locale":"ca_ES","og_type":"article","og_title":"On menjar arr\u00f2s davant del mar a prop del Poblenou | Can Fisher","og_description":"Descobreix on menjar arr\u00f2s davant del mar a la zona Poblenou\u2013Bogatell. Claus per triar una bona arrosseria i qu\u00e8 demanar.","og_url":"https:\/\/test.canfisher.com\/ca\/2026\/01\/15\/arros-davant-del-mar-poblenou-bogatell\/","og_site_name":"Can Fisher","article_published_time":"2026-01-15T10:56:22+00:00","article_modified_time":"2026-01-15T11:53:54+00:00","og_image":[{"width":1600,"height":900,"url":"http:\/\/test.canfisher.com\/wp-content\/uploads\/2026\/01\/Diseno-sin-titulo-5.png","type":"image\/png"}],"author":"juanalberjon","twitter_card":"summary_large_image","twitter_misc":{"Written by":"juanalberjon","Est. reading time":"5 minutes"},"schema":{"@context":"https:\/\/schema.org","@graph":[{"@type":"Article","@id":"https:\/\/test.canfisher.com\/ca\/2026\/01\/15\/arros-davant-del-mar-poblenou-bogatell\/#article","isPartOf":{"@id":"https:\/\/test.canfisher.com\/ca\/2026\/01\/15\/arros-davant-del-mar-poblenou-bogatell\/"},"author":{"name":"juanalberjon","@id":"https:\/\/test.canfisher.com\/#\/schema\/person\/31163ba8eeddddff9c258ced7a5adb05"},"headline":"On menjar arr\u00f2s davant del mar al Poblenou: Bogatell i voltants","datePublished":"2026-01-15T10:56:22+00:00","dateModified":"2026-01-15T11:53:54+00:00","mainEntityOfPage":{"@id":"https:\/\/test.canfisher.com\/ca\/2026\/01\/15\/arros-davant-del-mar-poblenou-bogatell\/"},"wordCount":860,"commentCount":0,"publisher":{"@id":"https:\/\/test.canfisher.com\/#organization"},"image":{"@id":"https:\/\/test.canfisher.com\/ca\/2026\/01\/15\/arros-davant-del-mar-poblenou-bogatell\/#primaryimage"},"thumbnailUrl":"https:\/\/test.canfisher.com\/wp-content\/uploads\/2026\/01\/Diseno-sin-titulo-5.png","articleSection":["Not\u00edcies"],"inLanguage":"ca","potentialAction":[{"@type":"CommentAction","name":"Comment","target":["https:\/\/test.canfisher.com\/ca\/2026\/01\/15\/arros-davant-del-mar-poblenou-bogatell\/#respond"]}]},{"@type":"WebPage","@id":"https:\/\/test.canfisher.com\/ca\/2026\/01\/15\/arros-davant-del-mar-poblenou-bogatell\/","url":"https:\/\/test.canfisher.com\/ca\/2026\/01\/15\/arros-davant-del-mar-poblenou-bogatell\/","name":"On menjar arr\u00f2s davant del mar a prop del Poblenou | Can Fisher","isPartOf":{"@id":"https:\/\/test.canfisher.com\/#website"},"primaryImageOfPage":{"@id":"https:\/\/test.canfisher.com\/ca\/2026\/01\/15\/arros-davant-del-mar-poblenou-bogatell\/#primaryimage"},"image":{"@id":"https:\/\/test.canfisher.com\/ca\/2026\/01\/15\/arros-davant-del-mar-poblenou-bogatell\/#primaryimage"},"thumbnailUrl":"https:\/\/test.canfisher.com\/wp-content\/uploads\/2026\/01\/Diseno-sin-titulo-5.png","datePublished":"2026-01-15T10:56:22+00:00","dateModified":"2026-01-15T11:53:54+00:00","description":"Descobreix on menjar arr\u00f2s davant del mar a la zona Poblenou\u2013Bogatell. Claus per triar una bona arrosseria i qu\u00e8 demanar.","breadcrumb":{"@id":"https:\/\/test.canfisher.com\/ca\/2026\/01\/15\/arros-davant-del-mar-poblenou-bogatell\/#breadcrumb"},"inLanguage":"ca","potentialAction":[{"@type":"ReadAction","target":["https:\/\/test.canfisher.com\/ca\/2026\/01\/15\/arros-davant-del-mar-poblenou-bogatell\/"]}]},{"@type":"ImageObject","inLanguage":"ca","@id":"https:\/\/test.canfisher.com\/ca\/2026\/01\/15\/arros-davant-del-mar-poblenou-bogatell\/#primaryimage","url":"https:\/\/test.canfisher.com\/wp-content\/uploads\/2026\/01\/Diseno-sin-titulo-5.png","contentUrl":"https:\/\/test.canfisher.com\/wp-content\/uploads\/2026\/01\/Diseno-sin-titulo-5.png","width":1600,"height":900},{"@type":"BreadcrumbList","@id":"https:\/\/test.canfisher.com\/ca\/2026\/01\/15\/arros-davant-del-mar-poblenou-bogatell\/#breadcrumb","itemListElement":[{"@type":"ListItem","position":1,"name":"Portada","item":"https:\/\/test.canfisher.com\/ca\/"},{"@type":"ListItem","position":2,"name":"On menjar arr\u00f2s davant del mar al Poblenou: Bogatell i voltants"}]},{"@type":"WebSite","@id":"https:\/\/test.canfisher.com\/#website","url":"https:\/\/test.canfisher.com\/","name":"Can Fisher","description":"","publisher":{"@id":"https:\/\/test.canfisher.com\/#organization"},"potentialAction":[{"@type":"SearchAction","target":{"@type":"EntryPoint","urlTemplate":"https:\/\/test.canfisher.com\/?s={search_term_string}"},"query-input":{"@type":"PropertyValueSpecification","valueRequired":true,"valueName":"search_term_string"}}],"inLanguage":"ca"},{"@type":"Organization","@id":"https:\/\/test.canfisher.com\/#organization","name":"Can Fisher","url":"https:\/\/test.canfisher.com\/","logo":{"@type":"ImageObject","inLanguage":"ca","@id":"https:\/\/test.canfisher.com\/#\/schema\/logo\/image\/","url":"http:\/\/test.canfisher.com\/wp-content\/uploads\/2025\/07\/can-fisher-mapa-point.svg","contentUrl":"http:\/\/test.canfisher.com\/wp-content\/uploads\/2025\/07\/can-fisher-mapa-point.svg","width":"1024","height":"1024","caption":"Can Fisher"},"image":{"@id":"https:\/\/test.canfisher.com\/#\/schema\/logo\/image\/"}},{"@type":"Person","@id":"https:\/\/test.canfisher.com\/#\/schema\/person\/31163ba8eeddddff9c258ced7a5adb05","name":"juanalberjon","image":{"@type":"ImageObject","inLanguage":"ca","@id":"https:\/\/test.canfisher.com\/#\/schema\/person\/image\/","url":"https:\/\/secure.gravatar.com\/avatar\/ceede285b5c153934db3a44840c80ffc2b7f4bcc90f19ebe73532f34474c453c?s=96&d=mm&r=g","contentUrl":"https:\/\/secure.gravatar.com\/avatar\/ceede285b5c153934db3a44840c80ffc2b7f4bcc90f19ebe73532f34474c453c?s=96&d=mm&r=g","caption":"juanalberjon"},"url":"https:\/\/test.canfisher.com\/ca\/author\/juanalberjon\/"}]}},"_links":{"self":[{"href":"https:\/\/test.canfisher.com\/ca\/wp-json\/wp\/v2\/posts\/5629","targetHints":{"allow":["GET"]}}],"collection":[{"href":"https:\/\/test.canfisher.com\/ca\/wp-json\/wp\/v2\/posts"}],"about":[{"href":"https:\/\/test.canfisher.com\/ca\/wp-json\/wp\/v2\/types\/post"}],"author":[{"embeddable":true,"href":"https:\/\/test.canfisher.com\/ca\/wp-json\/wp\/v2\/users\/3"}],"replies":[{"embeddable":true,"href":"https:\/\/test.canfisher.com\/ca\/wp-json\/wp\/v2\/comments?post=5629"}],"version-history":[{"count":3,"href":"https:\/\/test.canfisher.com\/ca\/wp-json\/wp\/v2\/posts\/5629\/revisions"}],"predecessor-version":[{"id":5632,"href":"https:\/\/test.canfisher.com\/ca\/wp-json\/wp\/v2\/posts\/5629\/revisions\/5632"}],"wp:featuredmedia":[{"embeddable":true,"href":"https:\/\/test.canfisher.com\/ca\/wp-json\/wp\/v2\/media\/5620"}],"wp:attachment":[{"href":"https:\/\/test.canfisher.com\/ca\/wp-json\/wp\/v2\/media?parent=5629"}],"wp:term":[{"taxonomy":"category","embeddable":true,"href":"https:\/\/test.canfisher.com\/ca\/wp-json\/wp\/v2\/categories?post=5629"},{"taxonomy":"post_tag","embeddable":true,"href":"https:\/\/test.canfisher.com\/ca\/wp-json\/wp\/v2\/tags?post=5629"}],"curies":[{"name":"wp","href":"https:\/\/api.w.org\/{rel}","templated":true}]}}